{"id":10031,"date":"2023-08-31T21:18:42","date_gmt":"2023-08-31T19:18:42","guid":{"rendered":"http:\/\/piattaformacomunista.com\/?p=10031"},"modified":"2023-09-05T19:03:56","modified_gmt":"2023-09-05T17:03:56","slug":"ennesima-strage-operaia-basta-organizziamoci-per-la-difesa-del-lavoro-contro-il-capitale","status":"publish","type":"post","link":"https:\/\/piattaformacomunista.com\/index.php\/ennesima-strage-operaia-basta-organizziamoci-per-la-difesa-del-lavoro-contro-il-capitale\/","title":{"rendered":"Ennesima strage operaia. Basta, organizziamoci per la difesa del lavoro contro il capitale!"},"content":{"rendered":"<p>Nella notte tra il 30 ed il 31 agosto nei pressi di Brandizzo, periferia di Torino, cinque operai di un cantiere in appalto addetti alla manutenzione della linea ferroviaria Milano-Torino sono morti travolti da un locomotore di servizio che trasportava vagoni. Altri due operai sono ricoverati in ospedale. Il macchinista \u00e8 in stato di shock.<\/p>\n<p>Alle famiglie di Kevin Lagan\u00e0 (22 anni), Giuseppe Aversa (49 anni), Giuseppe Servillo (43 anni), Michael Zanera (34 anni), Giuseppe Lombardo (53 anni) vanno le nostre condoglianze.<\/p>\n<p>Nelle fabbriche, nei cantieri, sulle strade, in ferrovia, nei campi, si continua a morire. Le crude statistiche dimostrano il notevole aumento delle vite proletarie sacrificate sotto la ruota infernale dei profitti capitalistici.<\/p>\n<p>\u00c8 del tutto evidente che la sicurezza dei lavoratori \u00e8 incompatibile con i tagli ai costi \u201csuperflui\u201d dell\u2019informazione, della prevenzione e della salute, con l\u2019organizzazione del lavoro basata su appalti e subappalti (completamente liberalizzati dal governo Meloni), con le esternalizzazioni e gli obiettivi della produttivit\u00e0 aziendale che comportano ritmi e carichi di lavoro elevati, operazioni sempre pi\u00f9 veloci, taglio dei tempi di pausa, straordinari resi obbligatori, precariet\u00e0, etc.<\/p>\n<p>Cos\u00ec come \u00e8 incompatibile con l\u2019aumento dell\u2019et\u00e0 pensionabile che sta causando un gran numero di infortuni mortali fra gli operai con pi\u00f9 di 60 anni.<\/p>\n<p>Tutto ci\u00f2 \u00e8 in stretta connessione con il modo capitalistico di produzione in cui gli operai sono merce da sfruttare e spremere fino allo sfinimento e alla morte per incrementare i dividendi degli azionisti. I vampiri capitalisti vivono nell\u2019ozio succhiando il sangue degli operai, accorciando la loro esistenza fino ad ucciderli.<\/p>\n<p>Non facciamoci alcuna illusione sullo Stato borghese, che dopo aver versato le solite lacrime di coccodrillo, lascer\u00e0 di fatto impunita anche questa strage sul lavoro per salvare i vertici aziendali (Viareggio <em>docet<\/em>).<\/p>\n<p>La salute e la sicurezza sono sempre pi\u00f9 un obiettivo per cui tutti gli operai sono chiamati a battersi in prima persona, e questa lotta \u00e8 un atto della battaglia di classe contro la borghesia sfruttatrice.<\/p>\n<p>Rispondiamo al massacro quotidiano degli operai con lo sciopero, l\u2019unit\u00e0 e un pi\u00f9 elevato livello di organizzazione indipendente di classe.<\/p>\n<p>Il vero passo in avanti si otterr\u00e0 solo abbattendo questa marcia societ\u00e0 e sostituendola con il socialismo proletario.<\/p>\n<p>31\/8\/2023<\/p>\n<p><strong>Piattaforma Comunista \u2013 per il Partito Comunista del Proletariato d\u2019Italia<\/strong><\/p>\n","protected":false},"excerpt":{"rendered":"<p>Nella notte tra il 30 ed il 31 agosto nei pressi di Brandizzo, periferia di Torino, cinque operai di un [&hellip;]<\/p>\n","protected":false},"author":1,"featured_media":10032,"comment_status":"closed","ping_status":"open","sticky":false,"template":"","format":"standard","meta":{"footnotes":""},"categories":[94],"tags":[108],"class_list":["post-10031","post","type-post","status-publish","format-standard","has-post-thumbnail","hentry","category-movimento-operaio","tag-home"],"_links":{"self":[{"href":"https:\/\/piattaformacomunista.com\/index.php\/wp-json\/wp\/v2\/posts\/10031","targetHints":{"allow":["GET"]}}],"collection":[{"href":"https:\/\/piattaformacomunista.com\/index.php\/wp-json\/wp\/v2\/posts"}],"about":[{"href":"https:\/\/piattaformacomunista.com\/index.php\/wp-json\/wp\/v2\/types\/post"}],"author":[{"embeddable":true,"href":"https:\/\/piattaformacomunista.com\/index.php\/wp-json\/wp\/v2\/users\/1"}],"replies":[{"embeddable":true,"href":"https:\/\/piattaformacomunista.com\/index.php\/wp-json\/wp\/v2\/comments?post=10031"}],"version-history":[{"count":1,"href":"https:\/\/piattaformacomunista.com\/index.php\/wp-json\/wp\/v2\/posts\/10031\/revisions"}],"predecessor-version":[{"id":10033,"href":"https:\/\/piattaformacomunista.com\/index.php\/wp-json\/wp\/v2\/posts\/10031\/revisions\/10033"}],"wp:featuredmedia":[{"embeddable":true,"href":"https:\/\/piattaformacomunista.com\/index.php\/wp-json\/wp\/v2\/media\/10032"}],"wp:attachment":[{"href":"https:\/\/piattaformacomunista.com\/index.php\/wp-json\/wp\/v2\/media?parent=10031"}],"wp:term":[{"taxonomy":"category","embeddable":true,"href":"https:\/\/piattaformacomunista.com\/index.php\/wp-json\/wp\/v2\/categories?post=10031"},{"taxonomy":"post_tag","embeddable":true,"href":"https:\/\/piattaformacomunista.com\/index.php\/wp-json\/wp\/v2\/tags?post=10031"}],"curies":[{"name":"wp","href":"https:\/\/api.w.org\/{rel}","templated":true}]}}