{"id":10210,"date":"2023-10-11T09:25:39","date_gmt":"2023-10-11T07:25:39","guid":{"rendered":"http:\/\/piattaformacomunista.com\/?p=10210"},"modified":"2023-10-10T23:56:17","modified_gmt":"2023-10-10T21:56:17","slug":"sulla-manifestazione-cgil-del-7-ottobre","status":"publish","type":"post","link":"https:\/\/piattaformacomunista.com\/index.php\/sulla-manifestazione-cgil-del-7-ottobre\/","title":{"rendered":"Sulla manifestazione Cgil del 7 ottobre"},"content":{"rendered":"<p>La notevole partecipazione alla manifestazione organizzata dalla Cgil il 7 ottobre &#8211; andata molto al di l\u00e0 delle aspettative degli organizzatori &#8211; ha espresso la volont\u00e0 di lotta contro un governo antioperaio e guerrafondaio da parte di ampi settori di lavoratori salariati, disoccupati, pensionati, giovani, gente del popolo, di antifascisti che stanno uscendo dalla passivit\u00e0 e dalla rassegnazione.<\/p>\n<p>Una tendenza incoraggiante e positiva che sta crescendo e\u00a0 vedremo svilupparsi nei prossimi mesi.<\/p>\n<p>Questa partecipazione di massa \u00e8 stata per\u00f2 posta da Landini al servizio di un abbozzo di progetto riformista che assume toni costituzionalisti ed \u00e8 caratterizzato dal vecchio interclassismo catto-riformista-sindacale.<\/p>\n<p>La piattaforma di convocazione, un vero calderone che avevamo gi\u00e0 criticato su queste colonne, \u00e8 servita ad affogare le rivendicazioni operaie e metterle al rimorchio di settori borghesi e piccolo borghesi.<\/p>\n<p>Emblematico che dal palco gli operai non abbiamo avuto la parola, mentre si sono sprecati gli interventi retorici \u201csull\u2019Italia democratica\u201d (celando la sua natura e il suo ruolo imperialista), occultando completamente \u201cla classe\u201d e relegando le drammatiche questioni operaie sullo sfondo.<\/p>\n<p>Landini ha evidentemente un disegno politico da sviluppare, anche a livello personale (per ora facendo la sponda a Schlein e attendendo il proprio turno), ma questo progetto \u00e8 debole e senza prospettive concrete, poich\u00e9 punta al rilancio di un welfare di tipo socialdemocratico in una fase storica in cui non vi sono i margini per realizzarlo.<\/p>\n<p>Se blanda \u00e8 stata la risposta del vertice sindacale alla domanda \u201cchi deve pagare?\u201d (nemmeno un riferimento alla patrimoniale), se non una parola \u00e8 stata pronunciata sui licenziamenti di massa e sulle lotte contro di essi, addirittura patetica \u00e8 stata l\u2019affermazione\u00a0 \u201ccomincia ora la lotta per l&#8217;applicazione della Costituzione\u201d, una vera e propria ammissione della bancarotta del riformismo.<\/p>\n<p>Dal palco, a parte un generico \u201cnon ci fermeremo\u201d, nessun cenno \u00e8 stato fatto allo sciopero generale, invocato da settori della piazza. Eppure pochi minuti prima Landini aveva tuonato che \u201cbisogna fare come i nostri nonni\u201d, che di lotte dure ne svolgevano a raffica!<\/p>\n<p>Di fatto la direzione della Cgil \u00e8 bloccata dalla ricerca dell\u2019unit\u00e0 di vertice con Cisl e Uil, che vuol dire svuotare ulteriormente i tiepidi contenuti rivendicativi espressi e abbassare ancor pi\u00f9 il livello della mobilitazione contro un governo che va all\u2019assalto del movimento operaio e sindacale.<\/p>\n<p>Per avanzare nella mobilitazione e dare la risposta che ci vuole a governo, padroni e collaborazionisti serve invece l\u2019unit\u00e0 di azione, il fronte unico dal basso che permetter\u00e0 di ricostruire rapporti di forza adeguati.<\/p>\n<p>La parola \u00e8 alla classe operaia, la sola che pu\u00f2 cambiare la situazione a suon di mobilitazioni e scioperi.<\/p>\n<p>Nel corteo e in piazza con la nostra propaganda e le nostre parole d\u2019ordine di lotta e di unit\u00e0 di classe, ben accolte dai lavoratori, abbiamo adempiuto ai nostri compiti.<\/p>\n<p><strong>Da Scintilla n. 138 \u2013 ottobre 2023<\/strong><\/p>\n<p>&nbsp;<\/p>\n","protected":false},"excerpt":{"rendered":"<p>La notevole partecipazione alla manifestazione organizzata dalla Cgil il 7 ottobre &#8211; andata molto al di l\u00e0 delle aspettative degli [&hellip;]<\/p>\n","protected":false},"author":1,"featured_media":10211,"comment_status":"closed","ping_status":"open","sticky":false,"template":"","format":"standard","meta":{"footnotes":""},"categories":[100,94],"tags":[108],"class_list":["post-10210","post","type-post","status-publish","format-standard","has-post-thumbnail","hentry","category-attualita","category-movimento-operaio","tag-home"],"_links":{"self":[{"href":"https:\/\/piattaformacomunista.com\/index.php\/wp-json\/wp\/v2\/posts\/10210","targetHints":{"allow":["GET"]}}],"collection":[{"href":"https:\/\/piattaformacomunista.com\/index.php\/wp-json\/wp\/v2\/posts"}],"about":[{"href":"https:\/\/piattaformacomunista.com\/index.php\/wp-json\/wp\/v2\/types\/post"}],"author":[{"embeddable":true,"href":"https:\/\/piattaformacomunista.com\/index.php\/wp-json\/wp\/v2\/users\/1"}],"replies":[{"embeddable":true,"href":"https:\/\/piattaformacomunista.com\/index.php\/wp-json\/wp\/v2\/comments?post=10210"}],"version-history":[{"count":1,"href":"https:\/\/piattaformacomunista.com\/index.php\/wp-json\/wp\/v2\/posts\/10210\/revisions"}],"predecessor-version":[{"id":10212,"href":"https:\/\/piattaformacomunista.com\/index.php\/wp-json\/wp\/v2\/posts\/10210\/revisions\/10212"}],"wp:featuredmedia":[{"embeddable":true,"href":"https:\/\/piattaformacomunista.com\/index.php\/wp-json\/wp\/v2\/media\/10211"}],"wp:attachment":[{"href":"https:\/\/piattaformacomunista.com\/index.php\/wp-json\/wp\/v2\/media?parent=10210"}],"wp:term":[{"taxonomy":"category","embeddable":true,"href":"https:\/\/piattaformacomunista.com\/index.php\/wp-json\/wp\/v2\/categories?post=10210"},{"taxonomy":"post_tag","embeddable":true,"href":"https:\/\/piattaformacomunista.com\/index.php\/wp-json\/wp\/v2\/tags?post=10210"}],"curies":[{"name":"wp","href":"https:\/\/api.w.org\/{rel}","templated":true}]}}