{"id":10573,"date":"2024-02-08T16:49:57","date_gmt":"2024-02-08T15:49:57","guid":{"rendered":"http:\/\/piattaformacomunista.com\/?p=10573"},"modified":"2024-02-08T16:50:13","modified_gmt":"2024-02-08T15:50:13","slug":"il-punto-di-vista-del-proletariato-sullautonomia-differenziata","status":"publish","type":"post","link":"https:\/\/piattaformacomunista.com\/index.php\/il-punto-di-vista-del-proletariato-sullautonomia-differenziata\/","title":{"rendered":"Il punto di vista del proletariato sull&#8217;autonomia differenziata"},"content":{"rendered":"<p>La maggioranza che sostiene il governo di estrema destra ha approvato in prima lettura al Senato il Disegno di legge Calderoli sull\u2019autonomia regionale differenziata, che ora passa all\u2019\u201desame\u201d della Camera, in realt\u00e0 una mera ratifica della volont\u00e0 politica dell\u2019esecutivo.<\/p>\n<p>Questo Disegno di legge, che riprende le impostazioni dei precedenti governi, mira a ridefinire i rapporti fra la borghesia industriale e finanziaria del nord e quella del sud, a vantaggio del gruppo storicamente egemone.<\/p>\n<p>Non la \u201cspaccatura del paese\u201d, ma l\u2019accentuazione della funzione di dominio di quella borghesia settentrionale che Gramsci raffigurava come una piovra che si arricchisce a spese del Sud, il cui incremento economico-industriale \u00e8 in rapporto diretto con l\u2019impoverimento dell\u2019economia e dell\u2019agricoltura meridionale.<\/p>\n<p>Il cuore dell\u2019autonomia differenziata, con la quale si approfondiscono storici mali sociali, sta nel meccanismo di spostamento di miliardi di plusvalore, raccolto sotto forma di tributi versati dai lavoratori (Irpef), che le regioni pi\u00f9 ricche potranno trattenere sotto la forma del \u201cresiduo fiscale\u201d.<\/p>\n<p>A ci\u00f2 si aggiunge il fatto che, non essendo neanche pi\u00f9 formalmente \u201cuguali\u201d i territori del nostro paese, le Regioni potranno legiferare ed essere politicamente autonome su materie fondamentali come la salute, il lavoro, la scuola, lo sviluppo economico, la mobilit\u00e0, i trasporti, l\u2019energia.<\/p>\n<p>Le Regioni che avranno pi\u00f9 fondi andranno avanti, mentre le altre regioni, soprattutto quelle del Meridione rimarranno sempre pi\u00f9 indietro, abbandonate al loro destino.<\/p>\n<p>Non vi \u00e8 alcuna garanzia per i cosiddetti \u201clivelli essenziali delle prestazioni\u201d su cui si \u00e8 incentrato il dibattito parlamentare.<\/p>\n<p>Quali saranno le conseguenze per la classe operaia e le masse popolari?<\/p>\n<p>L\u2019applicazione del Ddl Calderoli porter\u00e0 alla rottura dell\u2019unitariet\u00e0 dei diritti dei lavoratori, aprir\u00e0 la strada ad un salario regionale o a contratti territoriali differenziati, sancendo la fine dei CCNL.<\/p>\n<p>In pratica le nuove gabbie salariali, per sfruttare e immiserire ancor pi\u00f9 il proletariato a livello economico, mentre a livello politico si punta a rinchiuderlo in ambiti sempre pi\u00f9 angusti per aumentarne la divisione, il senso di impotenza e rassegnazione.<\/p>\n<p>Anche a livello di salario indiretto, cio\u00e8 di servizi, si accentueranno le disuguaglianze.<\/p>\n<p>Con l\u2019autonomia differenziata, vi saranno pesanti ricadute sul sistema delle tutele universali e sui livelli dei servizi sociali, sanitari e educativi di cui fruiscono la classe operaia e le masse popolari.<\/p>\n<p>Se oggi vi sono insufficienti e fatiscenti strutture sanitarie e sociali, servizi per l\u2019infanzia e per le donne, trasporti pubblici al collasso, con l\u2019autonomia differenziata il risultato sar\u00e0 che si accrescer\u00e0 il dislivello delle prestazioni e peggiorer\u00e0 la loro qualit\u00e0, specie nel Meridione.<\/p>\n<p>In particolare verr\u00e0 messa in discussione l\u2019unit\u00e0 del sistema di istruzione e formazione, passando alla regionalizzazione dei programmi con la trasformazione delle scuole in agenzie di consenso ideologico e preparazione di forza lavoro alla merc\u00e9 dei padroni.<\/p>\n<p>Tutto ci\u00f2 causer\u00e0 una maggiore divisione della classe, con il conseguente indebolimento dei rapporti di forza e lo smantellamento delle residue conquiste unitarie del movimento operaio.<\/p>\n<p>Ci\u00f2 incider\u00e0 pesantemente sulle condizioni di vita e di lavoro di operai, lavoratori, pensionati, studenti appartenenti alla classe proletaria e agli strati sociali popolari. Assieme alle disuguaglianze e ai divari sociali si estender\u00e0 la povert\u00e0 di massa. Verranno istituiti nuovi tributi regionali e locali che peseranno sulle masse popolari.<\/p>\n<p>Con il regionalismo asimmetrico si accentuer\u00e0 il dominio dei monopoli e si accentuer\u00e0 la tendenza alla creazione di entit\u00e0 territoriali presidiate da cricche corporative e organizzazioni criminali. L\u2019autonomia differenziata favorisce l\u2019accumulazione di potenza finanziaria nelle mani della borghesia imperialista, la quale controllando i settori industriali fondamentali pone anche le basi per lo sviluppo di un\u2019industria bellica nell\u2019ambito della NATO e della UE.<\/p>\n<p>Anche il Vaticano vede in questo progetto un\u2019occasione per accrescere il suo potere temporale, rafforzando l\u2019apparato sanitario e scolastico privato nel quale fare \u201copera misericordiosa\u201d e formare ideologicamente i figli del popolo.<\/p>\n<p>Il regionalismo differenziato \u00e8 parte integrante del processo di trasformazione reazionaria dello Stato e della societ\u00e0 borghese, che va direttamente contro gli interessi della classe operaia e delle masse popolari.<\/p>\n<p>Attorno a questo processo si svilupperanno il mercanteggio e le contraddizioni fra i partiti borghesi e piccolo-borghesi, specialmente fra la Lega che mira ad una \u201csecessione morbida\u201d e Fratelli d\u2019Italia che punta al presidenzialismo autoritario per centralizzare i poteri dello Stato borghese.<\/p>\n<p>I liberal-riformisti non potranno che incidere limitatamente sulla questione dei \u201clivelli essenziali delle prestazioni\u201d, che in regime capitalista non potranno mai essere assicurati e vengono sempre pi\u00f9 ridotti dai tagli alle spese sociali.<\/p>\n<p>In quanto comunisti interveniamo sulla questione dal punto di vista e dalle prospettive di classe, chiamando gli operai e le masse popolari a intervenire su tutti i problemi che li riguardano.<\/p>\n<p>Respingiamo l\u2019autonomia regionale differenziata e il presidenzialismo in quanto progetti volti a dividere la classe e ostacolare lo sviluppo del suo movimento indipendente e rivoluzionario.<\/p>\n<p>Per battere questi progetti politici il terreno su cui oggi occorre agire non sta nel prospettare il referendum, come fanno i liberal-riformisti e i pentastellati per distogliere e masse dalla lotta.<\/p>\n<p>L\u2019aspetto fondamentale \u00e8 lo sviluppo della mobilitazione di classe e di massa per indebolire e far cadere il governo Meloni, unendo dal basso tutte le forze del movimento operaio e popolare, delle reti associative di carattere proletario e popolare, delle forze sociali antifasciste e realmente democratiche, per combattere nei posti di lavoro e nelle piazze i piani reazionari.<\/p>\n<p>Mentre denunciamo l\u2019autonomia differenziata e il presidenzialismo come politiche antioperaie della borghesia, mentre chiamiamo alla difesa intransigente degli interessi, delle libert\u00e0 e dei diritti conquistati a duro prezzo dalle masse lavoratrici, affermiamo che il problema di fondo che questa controriforma solleva \u00e8 quello della direzione politica della societ\u00e0 attuata dalla classe operaia.<\/p>\n<p>La classe operaia \u00e8 l\u2019unica forza capace di risolvere i problemi della societ\u00e0 italiana, di risolvere lo squilibrio esistente fra Nord e Sud indirizzando la lotta di tutti gli sfruttati e gli oppressi verso l\u2019abbattimento del capitalismo e alla costruzione di un nuovo ordinamento della societ\u00e0 umana.<\/p>\n<p>Ci\u00f2 di cui hanno bisogno gli operai e gli altri lavoratori \u00e8 uno Stato che assicuri la fine dello sfruttamento dell\u2019uomo sull\u2019uomo, l\u2019abolizione della propriet\u00e0 privata dei mezzi di produzione e di scambio, sostituita dalla loro propriet\u00e0 sociale; una Costituzione che non si limiti a proclamare l\u2019eguaglianza dei diritti formali dei cittadini, ma la assicuri anche per via legislativa con determinati mezzi materiali.<\/p>\n<p>Di queste esigenze storiche e attualissime, di questa \u201cvia maestra\u201d, ci sforziamo di rendere consapevoli le realt\u00e0 attive e pensanti della classe proletaria, per renderle forze organizzate e dirigenti del processo rivoluzionario che porter\u00e0 alla conquista del potere.<\/p>\n<p><b>Da Scintilla n. 142, febbraio 2024<\/b><\/p>\n","protected":false},"excerpt":{"rendered":"<p>La maggioranza che sostiene il governo di estrema destra ha approvato in prima lettura al Senato il Disegno di legge [&hellip;]<\/p>\n","protected":false},"author":1,"featured_media":10574,"comment_status":"closed","ping_status":"open","sticky":false,"template":"","format":"standard","meta":{"footnotes":""},"categories":[89],"tags":[108],"class_list":["post-10573","post","type-post","status-publish","format-standard","has-post-thumbnail","hentry","category-politica","tag-home"],"_links":{"self":[{"href":"https:\/\/piattaformacomunista.com\/index.php\/wp-json\/wp\/v2\/posts\/10573","targetHints":{"allow":["GET"]}}],"collection":[{"href":"https:\/\/piattaformacomunista.com\/index.php\/wp-json\/wp\/v2\/posts"}],"about":[{"href":"https:\/\/piattaformacomunista.com\/index.php\/wp-json\/wp\/v2\/types\/post"}],"author":[{"embeddable":true,"href":"https:\/\/piattaformacomunista.com\/index.php\/wp-json\/wp\/v2\/users\/1"}],"replies":[{"embeddable":true,"href":"https:\/\/piattaformacomunista.com\/index.php\/wp-json\/wp\/v2\/comments?post=10573"}],"version-history":[{"count":1,"href":"https:\/\/piattaformacomunista.com\/index.php\/wp-json\/wp\/v2\/posts\/10573\/revisions"}],"predecessor-version":[{"id":10575,"href":"https:\/\/piattaformacomunista.com\/index.php\/wp-json\/wp\/v2\/posts\/10573\/revisions\/10575"}],"wp:featuredmedia":[{"embeddable":true,"href":"https:\/\/piattaformacomunista.com\/index.php\/wp-json\/wp\/v2\/media\/10574"}],"wp:attachment":[{"href":"https:\/\/piattaformacomunista.com\/index.php\/wp-json\/wp\/v2\/media?parent=10573"}],"wp:term":[{"taxonomy":"category","embeddable":true,"href":"https:\/\/piattaformacomunista.com\/index.php\/wp-json\/wp\/v2\/categories?post=10573"},{"taxonomy":"post_tag","embeddable":true,"href":"https:\/\/piattaformacomunista.com\/index.php\/wp-json\/wp\/v2\/tags?post=10573"}],"curies":[{"name":"wp","href":"https:\/\/api.w.org\/{rel}","templated":true}]}}