{"id":10850,"date":"2024-04-24T15:40:03","date_gmt":"2024-04-24T13:40:03","guid":{"rendered":"http:\/\/piattaformacomunista.com\/?p=10850"},"modified":"2024-04-24T15:40:17","modified_gmt":"2024-04-24T13:40:17","slug":"a-fianco-degli-operai-di-carrara","status":"publish","type":"post","link":"https:\/\/piattaformacomunista.com\/index.php\/a-fianco-degli-operai-di-carrara\/","title":{"rendered":"A fianco degli operai di Carrara"},"content":{"rendered":"<h3><strong>&#8220;Deficienti&#8221; a chi?<\/strong><\/h3>\n<p>Nella giornata di sciopero indetta a Carrara il 24 aprile, dopo le vergognose parole di un padrone del lapideo nel fuorionda della trasmissione &#8220;Report&#8221; che ha definito &#8220;deficienti&#8221; gli operai che &#8220;si fanno male&#8221; [cio\u00e8 che subiscono infortuni spesso mortali], vi \u00e8 tutta la dignit\u00e0 della classe lavoratrice sacrificata dalla classe dominante sull&#8217;altare del profitto.<\/p>\n<p>Carrara e tutto l&#8217;indotto del lapideo circostante hanno pagato un prezzo altissimo e costante; altro che deficienti. La giornata di rivendicazione, partecipata, ha rappresentato la dignitosa ma forte risposta alle multinazionali del marmo.<\/p>\n<p>Per noi comunisti un dovere esserci con i lavoratori, contro lo sfruttamento capitalista.<\/p>\n<p><strong>Militanza Comunista Toscana\u00a0 \u00a0 \u00a0 \u00a0 \u00a0 \u00a0 \u00a0 \u00a0 \u00a0 \u00a0 \u00a0 \u00a0 \u00a0 \u00a0 \u00a0 \u00a0 \u00a0 \u00a0 \u00a0 \u00a0 \u00a0 \u00a0 \u00a0 \u00a0 \u00a0 <\/strong><\/p>\n<p><strong>Piattaforma Comunista &#8211; per il Partito Comunista del Proletariato d&#8217; Italia<\/strong><\/p>\n<p>Per contatti: officina21@alice.it\u00a0 \u00a0teoriaeprassi@yahoo.it<\/p>\n","protected":false},"excerpt":{"rendered":"<p>&#8220;Deficienti&#8221; a chi? Nella giornata di sciopero indetta a Carrara il 24 aprile, dopo le vergognose parole di un padrone [&hellip;]<\/p>\n","protected":false},"author":1,"featured_media":10851,"comment_status":"closed","ping_status":"open","sticky":false,"template":"","format":"standard","meta":{"footnotes":""},"categories":[94],"tags":[],"class_list":["post-10850","post","type-post","status-publish","format-standard","has-post-thumbnail","hentry","category-movimento-operaio"],"_links":{"self":[{"href":"https:\/\/piattaformacomunista.com\/index.php\/wp-json\/wp\/v2\/posts\/10850","targetHints":{"allow":["GET"]}}],"collection":[{"href":"https:\/\/piattaformacomunista.com\/index.php\/wp-json\/wp\/v2\/posts"}],"about":[{"href":"https:\/\/piattaformacomunista.com\/index.php\/wp-json\/wp\/v2\/types\/post"}],"author":[{"embeddable":true,"href":"https:\/\/piattaformacomunista.com\/index.php\/wp-json\/wp\/v2\/users\/1"}],"replies":[{"embeddable":true,"href":"https:\/\/piattaformacomunista.com\/index.php\/wp-json\/wp\/v2\/comments?post=10850"}],"version-history":[{"count":1,"href":"https:\/\/piattaformacomunista.com\/index.php\/wp-json\/wp\/v2\/posts\/10850\/revisions"}],"predecessor-version":[{"id":10852,"href":"https:\/\/piattaformacomunista.com\/index.php\/wp-json\/wp\/v2\/posts\/10850\/revisions\/10852"}],"wp:featuredmedia":[{"embeddable":true,"href":"https:\/\/piattaformacomunista.com\/index.php\/wp-json\/wp\/v2\/media\/10851"}],"wp:attachment":[{"href":"https:\/\/piattaformacomunista.com\/index.php\/wp-json\/wp\/v2\/media?parent=10850"}],"wp:term":[{"taxonomy":"category","embeddable":true,"href":"https:\/\/piattaformacomunista.com\/index.php\/wp-json\/wp\/v2\/categories?post=10850"},{"taxonomy":"post_tag","embeddable":true,"href":"https:\/\/piattaformacomunista.com\/index.php\/wp-json\/wp\/v2\/tags?post=10850"}],"curies":[{"name":"wp","href":"https:\/\/api.w.org\/{rel}","templated":true}]}}