{"id":11770,"date":"2025-02-02T00:14:34","date_gmt":"2025-02-01T23:14:34","guid":{"rendered":"https:\/\/piattaformacomunista.com\/?p=11770"},"modified":"2025-02-01T19:17:02","modified_gmt":"2025-02-01T18:17:02","slug":"gloria-eterna-allarmata-rossa-e-ai-partigiani-vergogna-sul-parlamento-europeo","status":"publish","type":"post","link":"https:\/\/piattaformacomunista.com\/index.php\/gloria-eterna-allarmata-rossa-e-ai-partigiani-vergogna-sul-parlamento-europeo\/","title":{"rendered":"Gloria eterna all\u2019Armata Rossa e ai Partigiani,\u00a0vergogna sul Parlamento europeo!"},"content":{"rendered":"<p>Ottantadue anni fa, il 2 febbraio 1943,\u00a0 il nazifascismo capitol\u00f2 a Stalingrado dopo un\u2019epica battaglia combattuta, strada per strada, fabbrica per fabbrica, casa per casa.<\/p>\n<p>Trentadue divisioni tedesche furono accerchiate e annientate dall\u2019Armata Rossa. Furono sbaragliate anche la VI e la IV armata corazzata tedesca, la III e la IV armata romena, l\u2019VIII armata del fascismo italiano.<\/p>\n<p>L\u2019Armata Rossa lanci\u00f2 la riconquista dei territori sovietici occupati dai nazisti e avanz\u00f2 vittoriosamente attraverso le montagne e le pianure d\u2019Europa, contribuendo alla liberazione di diversi paesi, giungendo ad issare la bandiera rossa sul Reichstag di Berlino.<\/p>\n<p>La battaglia di Stalingrado fu una tappa fondamentale nello sviluppo della lotta contro l\u2019aggressore occupante, diede slancio alla lotta di tutti i popoli e rappresent\u00f2 l\u2019inizio della fine della bestia nazifascista.<\/p>\n<p>La leggendaria difesa della \u201ccitt\u00e0 d\u2019acciaio\u201d posta sul Volga, accerchiata da tre parti, fu una battaglia in cui tutte le forze del popolo sovietico, mirarono a vincere la barbarie nazifascista e a determinare nella guerra un decisivo ribaltamento di situazione.<\/p>\n<p>La vittoria di Stalingrado richiese sforzi e sacrifici colossali. I cittadini sovietici pur amando la vita non potevano immaginarla sotto il tallone nazista e senza la patria sovietica, che era la ragione stessa della loro vita liberata dallo sfruttamento. Perci\u00f2 non indietreggiarono di un passo.<\/p>\n<p>Questa storica vittoria fu il frutto della saldezza della dittatura proletaria, dell\u2019unit\u00e0 morale e politica della classe operaia e dei popoli sovietici uniti nella difesa del socialismo, del valore dell\u2019Armata Rossa, dell\u2019impegno ideologico, politico e del genio militare del Partito bolscevico di Lenin e di Stalin.<\/p>\n<p>Nella furiosa battaglia i comunisti ebbero un solo privilegio rispetto a tutti gli altri combattenti: quello di andare avanti a tutti, di battersi meglio di tutti. Gli esempi di fermezza e di valore, le imprese eroiche furono innumerevoli.<\/p>\n<p>A distanza di 82 anni da quell\u2019evento che cambi\u00f2 le sorti della guerra e rese possibile\u00a0 la liberazione di molti paesi europei, il Parlamento dell\u2019UE dei monopoli ha approvato una nuova vergognosa risoluzione che mira a equiparare il fascismo ed il comunismo, inglobando entrambi nella antiscientifica categoria di \u201ctotalitarismo\u201d e invocando il \u201cd<em>ivieto in tutta l\u2019UE sull\u2019uso di\u00a0<\/em><strong><em>simboli nazisti e comunisti<\/em><\/strong><em>\u00a0sovietici\u201d.<\/em><\/p>\n<p>Partendo da una gigantesca mistificazione storica e da un revisionismo storico infame, il Parlamento UE pretende di accomunare due ideologie e due sistemi che sono antagonisti sotto tutti gli aspetti.<\/p>\n<p>Per la loro origine storica, la loro filosofia, i loro progetti politici e sociali, i loro metodi di lotta e gli interessi di classe che difendono, il comunismo ed il nazifascismo non hanno nessun aspetto in comune, ma rappresentano visioni opposte del mondo, di cui una esclude l\u2019altra.<\/p>\n<p>Cercare di mettere sullo stesso piano il nazifascismo e il comunismo \u00e8 una manovra della borghesia che ci riporta ai peggiori momenti della \u201cguerra fredda\u201d e che ha come finalit\u00e0 quella di screditare il socialismo e privare la classe operaia dei suoi riferimenti ideologici, politici e storici. \u00c8 un passo in pi\u00f9 dell&#8217;avanzata delle forze reazionarie, fasciste e oscurantiste in Europa e in tutto il mondo.<\/p>\n<p>Il pretesto utilizzato per adottare questa risoluzione \u00e8 la politica aggressiva dell\u2019imperialismo russo, dominato da capitalisti e guidato da anticomunisti, che non hanno nulla a che vedere con l\u2019URSS dell\u2019epoca del socialismo e che hanno rinnegato quel glorioso periodo.<\/p>\n<p>L\u2019obiettivo politico della vergognosa risoluzione anticomunista, appoggiata da numerosi parlamentari socialdemocratici, verdi e della sinistra borghese al servizio del grande capitale, \u00e8 la repressione del movimento comunista e la spinta a nuove leggi di stampo fascista, come il Ddl 1660, per immobilizzare la lotta del movimento operaio e popolare contro l\u2019offensiva capitalista-imperialista e la politica di guerra di cui l\u2019UE \u00e8 fautrice.<\/p>\n<p>La risoluzione del Parlamento europeo \u00e8 un&#8217;infamia, \u00e8 vero e proprio terrorismo ideologico, che risponde al timore che le classi dominanti hanno della ripresa del movimento operaio e comunista.<\/p>\n<p>In quanto comunisti (marxisti-leninisti) denunciamo questa risoluzione che falsifica la storia e la deforma fino ad estremi inconcepibili.<\/p>\n<p>I comunisti sono sempre stati i primi e pi\u00f9 decisi combattenti contro il fascismo, sono sempre stati nella prima fila di combattimento contro la belva nazifascista in tutti i paesi europei. In questa lotta milioni di uomini e donne sovietici, decine di migliaia di Partigiani hanno sacrificato la loro vita.<\/p>\n<p>Questa \u00e8 la verit\u00e0 storica ed a tutti costoro rendiamo loro omaggio, continuando a innalzare i simboli del lavoro, del socialismo e dell\u2019antifascismo per cui hanno sacrificato le loro vite.<\/p>\n<p>Ci rivolgiamo dunque a tutte le forze comuniste, rivoluzionarie e progressiste, a tutti gli autentici democratici, agli storici onesti per respingere e combattere l\u2019oscena risoluzione del Parlamento UE.<\/p>\n<p>Lo stesso antidemocratico Parlamento, parte di un apparato imperialista, che non ha mosso un dito per fermare il genocidio del popolo palestinese da parte del suo alleato Israele, cos\u00ec come si \u00e8 sempre ben guardata dal condannare i crimini del colonialismo e delle guerre di rapina di cui le \u201ccivili\u201d potenze del vecchio continente si sono macchiate.<\/p>\n<p>Chiamiamo la classe operaia e le masse lavoratrici, tutti i malcontenti dell\u2019aggressione del capitalismo e della mancanza di futuro al quale esso ci condanna, a moltiplicare l&#8217;unit\u00e0, la lotta, la solidariet\u00e0.\u00a0 In particolare chiamiamo i proletari coscienti, in particolare gli operai, a battersi per\u00a0 costruire la propria organizzazione indipendente e rivoluzionaria.<\/p>\n<p>Possiamo conquistare il nostro futuro se ci uniamo e lottiamo contro la borghesia, il fascismo che sta promuovendo, contro la sua politica di aggressione reazionaria e guerrafondaia alle masse lavoratrici e ai popoli, per la rottura rivoluzionaria di un sistema che rovina le nostre vite.<\/p>\n<p><em>2 febbraio 2025<\/em><\/p>\n<p><strong>Militanza Comunista Toscana<\/strong><\/p>\n<p><strong>Piattaforma Comunista \u2013 per il Partito Comunista del Proletariato d\u2019Italia <\/strong><\/p>\n","protected":false},"excerpt":{"rendered":"<p>Ottantadue anni fa, il 2 febbraio 1943,\u00a0 il nazifascismo capitol\u00f2 a Stalingrado dopo un\u2019epica battaglia combattuta, strada per strada, fabbrica [&hellip;]<\/p>\n","protected":false},"author":1,"featured_media":11771,"comment_status":"closed","ping_status":"open","sticky":false,"template":"","format":"standard","meta":{"footnotes":""},"categories":[112,104,99],"tags":[108],"class_list":["post-11770","post","type-post","status-publish","format-standard","has-post-thumbnail","hentry","category-antifascismo","category-internazionale","category-memoria-storica","tag-home"],"_links":{"self":[{"href":"https:\/\/piattaformacomunista.com\/index.php\/wp-json\/wp\/v2\/posts\/11770","targetHints":{"allow":["GET"]}}],"collection":[{"href":"https:\/\/piattaformacomunista.com\/index.php\/wp-json\/wp\/v2\/posts"}],"about":[{"href":"https:\/\/piattaformacomunista.com\/index.php\/wp-json\/wp\/v2\/types\/post"}],"author":[{"embeddable":true,"href":"https:\/\/piattaformacomunista.com\/index.php\/wp-json\/wp\/v2\/users\/1"}],"replies":[{"embeddable":true,"href":"https:\/\/piattaformacomunista.com\/index.php\/wp-json\/wp\/v2\/comments?post=11770"}],"version-history":[{"count":1,"href":"https:\/\/piattaformacomunista.com\/index.php\/wp-json\/wp\/v2\/posts\/11770\/revisions"}],"predecessor-version":[{"id":11772,"href":"https:\/\/piattaformacomunista.com\/index.php\/wp-json\/wp\/v2\/posts\/11770\/revisions\/11772"}],"wp:featuredmedia":[{"embeddable":true,"href":"https:\/\/piattaformacomunista.com\/index.php\/wp-json\/wp\/v2\/media\/11771"}],"wp:attachment":[{"href":"https:\/\/piattaformacomunista.com\/index.php\/wp-json\/wp\/v2\/media?parent=11770"}],"wp:term":[{"taxonomy":"category","embeddable":true,"href":"https:\/\/piattaformacomunista.com\/index.php\/wp-json\/wp\/v2\/categories?post=11770"},{"taxonomy":"post_tag","embeddable":true,"href":"https:\/\/piattaformacomunista.com\/index.php\/wp-json\/wp\/v2\/tags?post=11770"}],"curies":[{"name":"wp","href":"https:\/\/api.w.org\/{rel}","templated":true}]}}