{"id":13506,"date":"2026-04-28T07:25:47","date_gmt":"2026-04-28T05:25:47","guid":{"rendered":"https:\/\/piattaformacomunista.com\/?p=13506"},"modified":"2026-04-28T00:30:58","modified_gmt":"2026-04-27T22:30:58","slug":"ecuador-solidarieta-con-unidad-popular","status":"publish","type":"post","link":"https:\/\/piattaformacomunista.com\/index.php\/ecuador-solidarieta-con-unidad-popular\/","title":{"rendered":"Ecuador: Solidariet\u00e0 con Unidad Popular!"},"content":{"rendered":"<p>Dallo scorso marzo, si \u00e8 sviluppata in Ecuador una battaglia politica ed elettorale per difendere la regolare registrazione di Unidad Popular, organizzazione politica della sinistra\u00a0 rivoluzionaria.<\/p>\n<p>Nel quadro delle politiche autoritarie del governo filo-imperialista di Daniel Noboa, il Consiglio Elettorale Nazionale (CNE), agendo come strumento politico del potere esecutivo, ha avviato un procedimento\u00a0 per dichiarare illegale Unidad Popular, sostenendo che non avesse il numero minimo di membri richiesto per mantenere la propria registrazione elettorale.<\/p>\n<p>In questo procedimento, il CNE ha violato le procedure e commesso diverse irregolarit\u00e0: non ha convocato tutti i membri del collegio elettorale, ha nominato dei supplenti all&#8217;ultimo minuto e, soprattutto, ha redatto una relazione che non rispecchia la realt\u00e0.<\/p>\n<p>Secondo questo rapporto, Unidad Popular avrebbe perso circa 170.000 iscritti, rimanendo con poco pi\u00f9 di 30.000 membri e quindi senza il numero minimo necessario per mantenere la registrazione.<\/p>\n<p>Ci\u00f2 \u00e8 completamente falso! Come hanno affermato pi\u00f9 volte i compagni ecuadoregni, Unidad Popular era legalmente registrata con poco pi\u00f9 di 200.000 iscritti. Lo stesso organo elettorale ha recentemente rilasciato una certificazione ufficiale che dimostra che, negli ultimi quattro anni, ci sono state solo 1.410 defezioni. Si tratta dunque di una persecuzione politica.<\/p>\n<p>Nelle ultime settimane Unidad Popular e il Partito Comunista Marxista Leninista dell\u2019Ecuador anno condotto azioni politiche in piazza e allestito una solida difesa legale che ha dimostrato la validit\u00e0 delle argomentazioni presentate davanti alla popolazione e a tutti gli organi di informazione del paese andino.<\/p>\n<p>Tuttavia, la presidente del Consiglio Elettorale Nazionale (CNE), Diana Atamaint, ha agito come strumento della strategia politica del governo. Daniel Noboa ha promosso una serie di misure volte a indebolire le forze di opposizione e il movimento popolare organizzato. \u00c8 chiara la linea d&#8217;azione volta a criminalizzare la protesta sociale. Diversi dirigenti e attivisti popolari sono sotto processo per la loro partecipazione a manifestazioni contro il governo, la libert\u00e0 di espressione e i diritti democratici sono minacciati.<\/p>\n<p>Questi fatti vanno interpretati come una reazione del governo contro la crescente opposizione, soprattutto popolare, alle politiche neoliberiste e militariste di Noboa, al peggioramento delle condizioni di vita e al crescente impoverimento dei lavoratori.<\/p>\n<p>Il 26 aprile, il presidente del Consiglio Elettorale Nazionale (CNE) ha convocato d&#8217;urgenza una seduta per affrontare la situazione di Unidad Popular e, in modo fraudolento, ha deliberato la cancellazione della sua iscrizione elettorale.<\/p>\n<p>Alla seduta hanno partecipato quattro dei cinque membri. Due hanno votato contro la risoluzione, mentre la presidente Diana Atamaint e il membro filogovernativo Jos\u00e9 Cabrera hanno votato a favore della sua approvazione, ovvero dell&#8217;eliminazione di Unidad Popular. In caso di parit\u00e0, Atamaint ha utilizzato il suo voto decisivo per imporre la risoluzione.<\/p>\n<p>Unidad Popular e il PCMLE continueranno le azioni di protesta nelle piazze e insisteranno nella difesa legale. Si tratta di una complessa battaglia politica, poich\u00e9 si trovano di fronte a una decisione del governo oligarchico di Daniel Noboa, appoggiato da settori che storicamente hanno visto \u2013 giustamente \u2013 Unidad Popular e il PCMLE come una minaccia ai loro interessi.<\/p>\n<p>Condanniamo energicamente la misura autoritaria e antidemocratica adottata dal governo Noboa ed esprimiamo piena solidariet\u00e0 a Unidad Popular e alla lotta dei lavoratori e del popolo ecuadoriano!<\/p>\n<p><em>27 aprile 2026<\/em><\/p>\n<h3><strong>Organizzazione per il partito comunista del proletariato<\/strong><\/h3>\n<p><em>\u00a0<\/em><\/p>\n","protected":false},"excerpt":{"rendered":"<p>Dallo scorso marzo, si \u00e8 sviluppata in Ecuador una battaglia politica ed elettorale per difendere la regolare registrazione di Unidad [&hellip;]<\/p>\n","protected":false},"author":1,"featured_media":13507,"comment_status":"closed","ping_status":"open","sticky":false,"template":"","format":"standard","meta":{"footnotes":""},"categories":[100,104],"tags":[108],"class_list":["post-13506","post","type-post","status-publish","format-standard","has-post-thumbnail","hentry","category-attualita","category-internazionale","tag-home"],"_links":{"self":[{"href":"https:\/\/piattaformacomunista.com\/index.php\/wp-json\/wp\/v2\/posts\/13506","targetHints":{"allow":["GET"]}}],"collection":[{"href":"https:\/\/piattaformacomunista.com\/index.php\/wp-json\/wp\/v2\/posts"}],"about":[{"href":"https:\/\/piattaformacomunista.com\/index.php\/wp-json\/wp\/v2\/types\/post"}],"author":[{"embeddable":true,"href":"https:\/\/piattaformacomunista.com\/index.php\/wp-json\/wp\/v2\/users\/1"}],"replies":[{"embeddable":true,"href":"https:\/\/piattaformacomunista.com\/index.php\/wp-json\/wp\/v2\/comments?post=13506"}],"version-history":[{"count":2,"href":"https:\/\/piattaformacomunista.com\/index.php\/wp-json\/wp\/v2\/posts\/13506\/revisions"}],"predecessor-version":[{"id":13509,"href":"https:\/\/piattaformacomunista.com\/index.php\/wp-json\/wp\/v2\/posts\/13506\/revisions\/13509"}],"wp:featuredmedia":[{"embeddable":true,"href":"https:\/\/piattaformacomunista.com\/index.php\/wp-json\/wp\/v2\/media\/13507"}],"wp:attachment":[{"href":"https:\/\/piattaformacomunista.com\/index.php\/wp-json\/wp\/v2\/media?parent=13506"}],"wp:term":[{"taxonomy":"category","embeddable":true,"href":"https:\/\/piattaformacomunista.com\/index.php\/wp-json\/wp\/v2\/categories?post=13506"},{"taxonomy":"post_tag","embeddable":true,"href":"https:\/\/piattaformacomunista.com\/index.php\/wp-json\/wp\/v2\/tags?post=13506"}],"curies":[{"name":"wp","href":"https:\/\/api.w.org\/{rel}","templated":true}]}}