{"id":9878,"date":"2023-07-01T20:33:30","date_gmt":"2023-07-01T18:33:30","guid":{"rendered":"http:\/\/piattaformacomunista.com\/?p=9878"},"modified":"2023-07-01T20:33:30","modified_gmt":"2023-07-01T18:33:30","slug":"solidarieta-con-gli-operai-della-illa-di-noceto-in-lotta","status":"publish","type":"post","link":"https:\/\/piattaformacomunista.com\/index.php\/solidarieta-con-gli-operai-della-illa-di-noceto-in-lotta\/","title":{"rendered":"Solidariet\u00e0 con gli operai della Illa di Noceto in lotta"},"content":{"rendered":"<p>Gli operai della Illa di Noceto (Parma), sono scesi in sciopero per due giorni consecutivi, marted\u00ec 27 e mercoled\u00ec 28 giugno 2023, per denunciare il mancato pagamento del salario e l\u2019avvio di 25 licenziamenti.<\/p>\n<p>La protesta \u00e8 scattata dopo che i dirigenti aziendali hanno anche disertato i tavoli di trattativa.<\/p>\n<p>Nei mesi scorsi Negma Group Investment (una societ\u00e0 d\u2019investimento con sede a Dubai) ha acquisito oltre il 30% delle azioni di Illa, diventandone il principale azionista. Il primo risultato di questa operazione sono stati gli \u201cesuberi di borsa\u201d, che colpiscono gli operai di molte fabbriche.<\/p>\n<p>I delegati della Fiom informano che la riduzione della produzione (pentole) \u00e8 evidente. Prima si lavorava su tre turni, a volte anche la domenica, adesso a malapena va avanti una linea su cinque.<\/p>\n<p>Il futuro degli operai Illa \u00e8 a rischio. Esprimiamo loro piena solidariet\u00e0 e affermiamo che tutto dipender\u00e0 dallo sviluppo della lotta, che per essere vincente deve collegarsi a quella degli altri operai colpiti da licenziamenti, riduzioni di salario, aumento dei ritmi e carichi di lavoro.<\/p>\n<p>La dispersione e l\u2019isolamento delle vertenze operaie \u00e8 un fattore di debolezza che contribuisce a soluzioni \u201ca perdere\u201d per gli operai.<\/p>\n<p>Solo con l\u2019unit\u00e0 di classe degli operai che hanno gli stessi interessi fondamentali \u00e8 possibile fronteggiare la classe dei capitalisti e tornare ad avanzare.<\/p>\n<p>Lotta e unit\u00e0 operaia!<\/p>\n<p>Esigiamo lavoro, pane e pace!<\/p>\n","protected":false},"excerpt":{"rendered":"<p>Gli operai della Illa di Noceto (Parma), sono scesi in sciopero per due giorni consecutivi, marted\u00ec 27 e mercoled\u00ec 28 [&hellip;]<\/p>\n","protected":false},"author":1,"featured_media":9879,"comment_status":"closed","ping_status":"open","sticky":false,"template":"","format":"standard","meta":{"footnotes":""},"categories":[94],"tags":[],"class_list":["post-9878","post","type-post","status-publish","format-standard","has-post-thumbnail","hentry","category-movimento-operaio"],"_links":{"self":[{"href":"https:\/\/piattaformacomunista.com\/index.php\/wp-json\/wp\/v2\/posts\/9878","targetHints":{"allow":["GET"]}}],"collection":[{"href":"https:\/\/piattaformacomunista.com\/index.php\/wp-json\/wp\/v2\/posts"}],"about":[{"href":"https:\/\/piattaformacomunista.com\/index.php\/wp-json\/wp\/v2\/types\/post"}],"author":[{"embeddable":true,"href":"https:\/\/piattaformacomunista.com\/index.php\/wp-json\/wp\/v2\/users\/1"}],"replies":[{"embeddable":true,"href":"https:\/\/piattaformacomunista.com\/index.php\/wp-json\/wp\/v2\/comments?post=9878"}],"version-history":[{"count":1,"href":"https:\/\/piattaformacomunista.com\/index.php\/wp-json\/wp\/v2\/posts\/9878\/revisions"}],"predecessor-version":[{"id":9880,"href":"https:\/\/piattaformacomunista.com\/index.php\/wp-json\/wp\/v2\/posts\/9878\/revisions\/9880"}],"wp:featuredmedia":[{"embeddable":true,"href":"https:\/\/piattaformacomunista.com\/index.php\/wp-json\/wp\/v2\/media\/9879"}],"wp:attachment":[{"href":"https:\/\/piattaformacomunista.com\/index.php\/wp-json\/wp\/v2\/media?parent=9878"}],"wp:term":[{"taxonomy":"category","embeddable":true,"href":"https:\/\/piattaformacomunista.com\/index.php\/wp-json\/wp\/v2\/categories?post=9878"},{"taxonomy":"post_tag","embeddable":true,"href":"https:\/\/piattaformacomunista.com\/index.php\/wp-json\/wp\/v2\/tags?post=9878"}],"curies":[{"name":"wp","href":"https:\/\/api.w.org\/{rel}","templated":true}]}}